{"id":5556,"date":"2024-02-05T13:57:07","date_gmt":"2024-02-05T12:57:07","guid":{"rendered":"https:\/\/www.comertia.net\/?p=5556"},"modified":"2024-03-13T13:57:33","modified_gmt":"2024-03-13T12:57:33","slug":"los-establecimientos-adheridos-a-comertia-crecen-un-27-en-enero-frente-al-mismo-mes-del-ano-anterior","status":"publish","type":"post","link":"https:\/\/www.comertia.net\/es\/los-establecimientos-adheridos-a-comertia-crecen-un-27-en-enero-frente-al-mismo-mes-del-ano-anterior\/","title":{"rendered":"Los establecimientos adheridos a Comertia crecen un 2,7% en enero, frente al mismo mes del a\u00f1o anterior"},"content":{"rendered":"<p><strong>Los establecimientos adheridos a Comertia crecen un 2,7% en enero, frente al mismo mes del a\u00f1o anterior<\/strong><\/p>\n<p><strong>Las empresas de retail apuntan la geopol\u00edtica, el clima &#8211; la sequ\u00eda y los ciberataques como principales riesgos empresariales de 2024, a la vez que auguran ventas y visitas similares al 2023 en la campa\u00f1a de rebajas<\/strong><\/p>\n<p><img loading=\"lazy\" decoding=\"async\" class=\"size-medium wp-image-5560 aligncenter\" src=\"https:\/\/www.comertia.net\/wp-content\/uploads\/2024\/03\/gener-1-300x161.png\" alt=\"\" width=\"300\" height=\"161\" srcset=\"https:\/\/www.comertia.net\/wp-content\/uploads\/2024\/03\/gener-1-300x161.png 300w, https:\/\/www.comertia.net\/wp-content\/uploads\/2024\/03\/gener-1-1024x550.png 1024w, https:\/\/www.comertia.net\/wp-content\/uploads\/2024\/03\/gener-1-768x413.png 768w, https:\/\/www.comertia.net\/wp-content\/uploads\/2024\/03\/gener-1.png 1096w\" sizes=\"auto, (max-width: 300px) 100vw, 300px\" \/><\/p>\n<h6 style=\"text-align: center;\">Gr\u00e0fico comparativo de ventas enero 2024 versus mismo a\u00f1o anterior<\/h6>\n<p><em>\u00a0<\/em><em>Barcelona, \u200b\u200ba 5 de febrero de 2024.- <\/em><strong>El conjunto de sectores de actividad y establecimientos adheridos a Comertia tiene una media de crecimiento del 2,7% durante el mes de enero<\/strong>, frente al mismo mes del a\u00f1o anterior. Los datos muestran un crecimiento continuado aunque cada vez menor en plena campa\u00f1a de rebajas.<\/p>\n<p><strong>Un 65% de las empresas de retail valora la campa\u00f1a de rebajas de forma similar al enero y febrero de 2023 respecto a ventas y visitas<\/strong>, a la vez que un 18% asegura que existen menos ventas y menos visitas. Una vez iniciado el 2024, los socios de Comertia apuntan a la geopol\u00edtica, el clima y la sequ\u00eda y los ciberataques como principales riesgos para los comercios, en la misma l\u00ednea que los resultados recientes del Observatorio del Institut Cerd\u00e0. De hecho, la moda ha sido uno de los principales sectores afectados por el clima de este \u00faltimo mes, tal y como demuestra su disminuci\u00f3n de ventas totales.<\/p>\n<p><strong>Un 34% de las empresas de retail constata que ha habido m\u00e1s afluencia de tr\u00e1fico en las tiendas durante este mes de enero<\/strong>, al igual que un 29% cree que ha habido menos y un 29% igual que el a\u00f1o pasado. Una amplia mayor\u00eda de los encuestados cree que la reducci\u00f3n de la Jornada laboral a 37,5 horas por semana supondr\u00eda un empeoramiento de la productividad para su empresa y alerta de la dificultad de encontrar personal para cubrir el resto de la jornada, as\u00ed como un aumento de costes.<\/p>\n<p>A lo largo de este enero, <strong>el 72% de las empresas de Comertia ha tenido un aumento de ventas en valor respecto al mismo mes del a\u00f1o anterior<\/strong>, un 0% las ha mantenido y un 28% las ha disminuido.<\/p>\n<p>La categor\u00eda Otros ha liderado el aumento de ventas totales con un 13,8%; seguido de Alimentaci\u00f3n B\u00e1sica (8,9%), Complementos Persona (5%), Equipaci\u00f3n Hogar (3,6%), Alimentaci\u00f3n No B\u00e1sica (3,3%) y Restauraci\u00f3n (0,3%). Moda y Ocio-Cultura han sufrido una disminuci\u00f3n de sus ventas con un -2,7% y un -0,2%, respectivamente.<\/p>\n<p>En cuanto al empleo, el 63% de los socios ha mantenido su plantilla en enero, el 26% la ha incrementado y el 11% restante la ha disminuido. De cara a febrero, el 11% de los empresarios tiene previsto aumentar su plantilla, al tiempo que el 72% prev\u00e9 mantenerla y el 17% apunta que la reducir\u00e1.<\/p>\n<p><strong>La media de crecimiento de la venta online se sit\u00faa en un 16,2% en enero, frente al mismo mes de 2023<\/strong><\/p>\n<p>La media de crecimiento de las ventas online es de un 16,2% en enero, en comparaci\u00f3n con el mismo mes de 2023. Seg\u00fan los datos de tendencia de ventas del Indicador Retail de Comertia,<strong> el volumen de unidades vendidas ha aumentado un 0,6% en enero respecto al mismo mes del a\u00f1o anterior.<\/strong><\/p>\n<p>Los sectores que m\u00e1s se han visto beneficiados por la venta online son Equipaci\u00f3n Hogar (93,5%), Otros (17%), Alimentaci\u00f3n B\u00e1sica (14,5%), Ocio-Cultura (10,3%), Complementos Persona (6,2%), Restauraci\u00f3n (5,1%), Moda (3,8%) y Alimentaci\u00f3n No B\u00e1sica (1,5%).<\/p>\n<p>El sector que ha tenido m\u00e1s peso online respecto a su facturaci\u00f3n es Moda (8,5%), Ocio y Cultura (7,8%), Restauraci\u00f3n (7,1%) y Otros (6,4%). El resto de sectores tienen un peso online entre el 4% y el 2,8%.<\/p>\n<p>Durante este mes de enero, las cadenas de retail de Comertia no han abierto ning\u00fan punto de venta al mismo tiempo que ha habido un cierre.<\/p>\n<p>Los empresarios de Comertia sit\u00faan la previsi\u00f3n de ventas de cara al mes siguiente con un incremento del 3,8% respecto al mes de febrero del a\u00f1o anterior.<\/p>\n<p>Por \u00faltimo, tal y como se observa en el gr\u00e1fico, la tendencia de ventas del indicador de Comertia sigue una l\u00ednea paralela a los datos del INE y del IDESCAT, si bien desde abril de 2023, con unos datos bastante similares.<\/p>\n<p><strong><u>M\u00e1s sobre el indicador<\/u><\/strong><\/p>\n<p><strong>El Indicador de Retail Comertia es un informe mensual real <\/strong>que sirve como diagn\u00f3stico a corto, medio y largo plazo, sobre la realidad del sector en aquellos aspectos clave para la muestra de empresas representada: empleo, n\u00famero de establecimientos y ventas, totales y por sectores de actividad.<\/p>\n<p>Metodolog\u00eda: Encuesta online a los empresarios de Comertia, del 1 al 5 de febrero de 2024.<\/p>\n<p>Inicio del indicador de Retail Comertia: octubre 2010. M\u00e1s informaci\u00f3n: <a href=\"http:\/\/www.comertia.net\">www.comertia.net<\/a>.<\/p>\n","protected":false},"excerpt":{"rendered":"<p>Los establecimientos adheridos a Comertia crecen un 2,7% en enero, frente al mismo mes del a\u00f1o anterior Las empresas de retail apuntan la geopol\u00edtica, el clima &#8211; la sequ\u00eda y los ciberataques como principales riesgos empresariales de 2024, a la vez que auguran ventas y visitas similares al 2023 en la campa\u00f1a de rebajas Gr\u00e0fico [&hellip;]<\/p>\n","protected":false},"author":2,"featured_media":5563,"comment_status":"closed","ping_status":"closed","sticky":false,"template":"","format":"standard","meta":{"_acf_changed":false,"footnotes":""},"categories":[23],"tags":[],"class_list":["post-5556","post","type-post","status-publish","format-standard","has-post-thumbnail","hentry","category-indicador-retail-comertia-es"],"acf":[],"_links":{"self":[{"href":"https:\/\/www.comertia.net\/es\/wp-json\/wp\/v2\/posts\/5556","targetHints":{"allow":["GET"]}}],"collection":[{"href":"https:\/\/www.comertia.net\/es\/wp-json\/wp\/v2\/posts"}],"about":[{"href":"https:\/\/www.comertia.net\/es\/wp-json\/wp\/v2\/types\/post"}],"author":[{"embeddable":true,"href":"https:\/\/www.comertia.net\/es\/wp-json\/wp\/v2\/users\/2"}],"replies":[{"embeddable":true,"href":"https:\/\/www.comertia.net\/es\/wp-json\/wp\/v2\/comments?post=5556"}],"version-history":[{"count":1,"href":"https:\/\/www.comertia.net\/es\/wp-json\/wp\/v2\/posts\/5556\/revisions"}],"predecessor-version":[{"id":5566,"href":"https:\/\/www.comertia.net\/es\/wp-json\/wp\/v2\/posts\/5556\/revisions\/5566"}],"wp:featuredmedia":[{"embeddable":true,"href":"https:\/\/www.comertia.net\/es\/wp-json\/wp\/v2\/media\/5563"}],"wp:attachment":[{"href":"https:\/\/www.comertia.net\/es\/wp-json\/wp\/v2\/media?parent=5556"}],"wp:term":[{"taxonomy":"category","embeddable":true,"href":"https:\/\/www.comertia.net\/es\/wp-json\/wp\/v2\/categories?post=5556"},{"taxonomy":"post_tag","embeddable":true,"href":"https:\/\/www.comertia.net\/es\/wp-json\/wp\/v2\/tags?post=5556"}],"curies":[{"name":"wp","href":"https:\/\/api.w.org\/{rel}","templated":true}]}}