{"id":4867,"date":"2024-01-04T11:50:44","date_gmt":"2024-01-04T10:50:44","guid":{"rendered":"https:\/\/www.comertia.net\/?p=4867"},"modified":"2024-01-10T11:53:24","modified_gmt":"2024-01-10T10:53:24","slug":"los-establecimientos-adheridos-a-comertia-crecen-un-42-en-diciembre-frente-al-mismo-mes-del-ano-anterior","status":"publish","type":"post","link":"https:\/\/www.comertia.net\/es\/los-establecimientos-adheridos-a-comertia-crecen-un-42-en-diciembre-frente-al-mismo-mes-del-ano-anterior\/","title":{"rendered":"Los establecimientos adheridos a Comertia crecen un 4,2% en diciembre, frente al mismo mes del a\u00f1o anterior"},"content":{"rendered":"<p><strong>Un 51% de los empresas de retail valora de forma positiva la campa\u00f1a de Navidad y apunta al aumento de ventas, la retenci\u00f3n de talento y la reducci\u00f3n de costes como principales retos del 2024<\/strong><\/p>\n<p><img loading=\"lazy\" decoding=\"async\" class=\"size-medium wp-image-4858 aligncenter\" src=\"https:\/\/www.comertia.net\/wp-content\/uploads\/2024\/01\/desembre23-300x161.png\" alt=\"\" width=\"300\" height=\"161\" srcset=\"https:\/\/www.comertia.net\/wp-content\/uploads\/2024\/01\/desembre23-300x161.png 300w, https:\/\/www.comertia.net\/wp-content\/uploads\/2024\/01\/desembre23-768x412.png 768w, https:\/\/www.comertia.net\/wp-content\/uploads\/2024\/01\/desembre23.png 971w\" sizes=\"auto, (max-width: 300px) 100vw, 300px\" \/><\/p>\n<h5 style=\"text-align: center;\">Gr\u00e0fico comparativo de ventas diciembre 2023 versus mismo a\u00f1o anterior<\/h5>\n<p><em>\u00a0<\/em><em>Barcelona, \u200b\u200ba 4 de enero de 2024.- <\/em>El conjunto de sectores de actividad y establecimientos adheridos a Comertia tiene <strong>una media de crecimiento del 4,2% durante el mes de diciembre, respecto del mismo mes del a\u00f1o anterior<\/strong>. Los datos contin\u00faan poniendo de manifiesto un crecimiento al alza durante las fiestas de Navidad.<\/p>\n<p><strong>Un 51% de las empresas de retail valora de forma positiva la campa\u00f1a de Navidad, a la vez que el 40% considera que es neutra y el 9% restante se\u00f1ala que es directamente negativa<\/strong>. El pasado 24 de noviembre empezaron los descuentos del Black Friday y un 42% de los empresarios indican que las ventas desde entonces hasta finales de diciembre representan entre el 10% y el 20% de la facturaci\u00f3n anual de su sector, del mismo modo que otro 51% asegura que las ventas de este periodo suponen solo entre el 0% y el 10% de la facturaci\u00f3n anual. Hay un 7% de los encuestados que responde que este porcentaje es superior al 20%.<\/p>\n<p>De cara al 2024, los empresarios de Comertia apuntan que los principales retos son el aumento de ventas en l\u00ednea y presencial, la retenci\u00f3n de talento y contrataci\u00f3n de nuevo talento, la reducci\u00f3n de costes fijos (alquiler, persona, oficinas&#8230;), las nuevas aperturas de tiendas f\u00edsicas a mercados locales, la ampliaci\u00f3n de canales de venta o la expansi\u00f3n internacional, entre otros.<\/p>\n<p>A lo largo de diciembre, <strong>el 67% de las empresas de Comertia ha tenido un aumento de ventas en valor respecto del mismo mes del a\u00f1o anterior, un 0% las ha mantenido y un 33% las ha disminuido.<\/strong><\/p>\n<p>La categor\u00eda Otros ha liderado el aumento de ventas totales con un 11%; seguido por Ocio-Cultura (10,4%), Restauraci\u00f3n (10,3%), Alimentaci\u00f3n B\u00e1sica (8,6%), Complementos persona (3,2%) y Alimentaci\u00f3n No B\u00e1sica (3,1%). Moda y hogar han vuelto a sufrir una disminuci\u00f3n de sus ventas con un -3,1% y un -8,3%, respectivamente.<\/p>\n<p>En cuanto al empleo, el 64% de los socios ha mantenido su plantilla durante diciembre, el 30% lo ha incrementado y el 6% restante la ha disminuido. Para diciembre, el 19% de los empresarios tiene previsto aumentar su plantilla, al mismo tiempo que el 62% prev\u00e9 mantenerla y el 19% apunta que la reducir\u00e1.<\/p>\n<p><strong>La media de crecimiento de la venta online se sit\u00faa en un 25,8% en diciembre, frente al mismo mes de 2022<\/strong><\/p>\n<p>La media de crecimiento de las ventas online es de un 25,8% durante diciembre, en comparaci\u00f3n con el mismo mes de 2022. Seg\u00fan los datos de tendencia de ventas del Indicador Retail de Comertia, <strong>el volumen de unidades vendidas ha aumentado un 1,3% este diciembre respecto al mismo mes del a\u00f1o anterior<\/strong>.<\/p>\n<p>En cuanto a <strong>la variaci\u00f3n de ventas acumuladas<\/strong>, se observa una progresi\u00f3n estable con un crecimiento del 9,9% entre enero y diciembre de 2023, en comparaci\u00f3n con el mismo per\u00edodo del a\u00f1o anterior.<\/p>\n<p>&nbsp;<\/p>\n<p>Los sectores que m\u00e1s se han visto beneficiados por la venta en l\u00ednea son Complementos persona (93,7%), Equipaci\u00f3 Hogar (35,6%), Otros (12,5%), Ocio-Cultura (5,4%), Alimentaci\u00f3n B\u00e1sica (4,6%), Alimentaci\u00f3n No B\u00e1sica (3,1%), Restauraci\u00f3n (1,8%) y Moda (-0,1%).<\/p>\n<p>El sector que ha tenido m\u00e1s peso en l\u00ednea respecto a su facturaci\u00f3n es Ocio y Cultura (9,1%), Restauraci\u00f3n (7%), Otras (4,7%) y Alimentaci\u00f3n No B\u00e1sica (4,4%). El resto de sectores tienen un peso en l\u00ednea entre el 2,6% y el 1,7%.<\/p>\n<p>Durante este mes de diciembre, las cadenas de retail de Comertia han abierto 5 puntos de venta a la vez que ha habido 2 cierres.<\/p>\n<p><strong>Los empresarios de Comertia sit\u00faan la previsi\u00f3n de ventas de cara al mes siguiente con un incremento del 3,8%,<\/strong> respecto al mes de enero del a\u00f1o anterior.<\/p>\n<p>El gr\u00e1fico comparativo de ventas cuatrimestrales sigue una l\u00ednea descendente, pasando del 12,3% entre enero y abril 2023\/2022 hasta el 5,5% en el periodo septiembre-diciembre.<\/p>\n<p>Por \u00faltimo, tal y como se observa en el gr\u00e1fico, la tendencia de ventas del indicador de Comertia sigue una l\u00ednea paralela a los datos del INE y del IDESCAT, si bien desde abril de 2023, con unos datos bastante similares.<\/p>\n<p><strong><u>M\u00e1s sobre el indicador<\/u><\/strong><\/p>\n<p><strong>El Indicador de Retail Comertia es un informe mensual real <\/strong>que sirve como diagn\u00f3stico a corto, medio y largo plazo, sobre la realidad del sector en aquellos aspectos clave para la muestra de empresas representada: empleo, n\u00famero de establecimientos y ventas, totales y por sectores de actividad.<\/p>\n<p>Metodolog\u00eda: Encuesta online a los empresarios de Comertia, del 1 al 4 de enero de 2024.<\/p>\n<p>Inicio del indicador de Retail Comertia: octubre 2010. M\u00e1s informaci\u00f3n: <a href=\"http:\/\/www.comertia.net\">www.comertia.net<\/a>.<\/p>\n<p>&nbsp;<\/p>\n","protected":false},"excerpt":{"rendered":"<p>Un 51% de los empresas de retail valora de forma positiva la campa\u00f1a de Navidad y apunta al aumento de ventas, la retenci\u00f3n de talento y la reducci\u00f3n de costes como principales retos del 2024 Gr\u00e0fico comparativo de ventas diciembre 2023 versus mismo a\u00f1o anterior \u00a0Barcelona, \u200b\u200ba 4 de enero de 2024.- El conjunto de [&hellip;]<\/p>\n","protected":false},"author":2,"featured_media":4864,"comment_status":"closed","ping_status":"closed","sticky":false,"template":"","format":"standard","meta":{"_acf_changed":false,"footnotes":""},"categories":[23],"tags":[59,49,50,60],"class_list":["post-4867","post","type-post","status-publish","format-standard","has-post-thumbnail","hentry","category-indicador-retail-comertia-es","tag-comercio","tag-indicador-retail-es","tag-retail-es","tag-ventas"],"acf":[],"_links":{"self":[{"href":"https:\/\/www.comertia.net\/es\/wp-json\/wp\/v2\/posts\/4867","targetHints":{"allow":["GET"]}}],"collection":[{"href":"https:\/\/www.comertia.net\/es\/wp-json\/wp\/v2\/posts"}],"about":[{"href":"https:\/\/www.comertia.net\/es\/wp-json\/wp\/v2\/types\/post"}],"author":[{"embeddable":true,"href":"https:\/\/www.comertia.net\/es\/wp-json\/wp\/v2\/users\/2"}],"replies":[{"embeddable":true,"href":"https:\/\/www.comertia.net\/es\/wp-json\/wp\/v2\/comments?post=4867"}],"version-history":[{"count":1,"href":"https:\/\/www.comertia.net\/es\/wp-json\/wp\/v2\/posts\/4867\/revisions"}],"predecessor-version":[{"id":4868,"href":"https:\/\/www.comertia.net\/es\/wp-json\/wp\/v2\/posts\/4867\/revisions\/4868"}],"wp:featuredmedia":[{"embeddable":true,"href":"https:\/\/www.comertia.net\/es\/wp-json\/wp\/v2\/media\/4864"}],"wp:attachment":[{"href":"https:\/\/www.comertia.net\/es\/wp-json\/wp\/v2\/media?parent=4867"}],"wp:term":[{"taxonomy":"category","embeddable":true,"href":"https:\/\/www.comertia.net\/es\/wp-json\/wp\/v2\/categories?post=4867"},{"taxonomy":"post_tag","embeddable":true,"href":"https:\/\/www.comertia.net\/es\/wp-json\/wp\/v2\/tags?post=4867"}],"curies":[{"name":"wp","href":"https:\/\/api.w.org\/{rel}","templated":true}]}}