{"id":3938,"date":"2023-03-03T16:30:12","date_gmt":"2023-03-03T15:30:12","guid":{"rendered":"https:\/\/www.comertia.net\/?p=3938"},"modified":"2023-05-29T16:30:28","modified_gmt":"2023-05-29T14:30:28","slug":"la-inflacion-situa-el-indicador-de-retail-de-comertia-en-un-132-en-febrero-respecto-del-mismo-mes-del-ano-anterior-2","status":"publish","type":"post","link":"https:\/\/www.comertia.net\/es\/la-inflacion-situa-el-indicador-de-retail-de-comertia-en-un-132-en-febrero-respecto-del-mismo-mes-del-ano-anterior-2\/","title":{"rendered":"La inflaci\u00f3n situa el Indicador de Retail de Comertia en un 13,2% en febrero, respecto del mismo mes del a\u00f1o anterior"},"content":{"rendered":"<p><strong>El volumen de unidades vendidas durante el mes de febrero s\u00f3lo ha crecido un 2,4%, lo que denota el impacto de la inflaci\u00f3n en el sector.<\/strong><\/p>\n<p><img loading=\"lazy\" decoding=\"async\" class=\"size-medium wp-image-3939 aligncenter\" src=\"https:\/\/www.comertia.net\/wp-content\/uploads\/2023\/05\/2302-febrer-1-300x163.jpg\" alt=\"\" width=\"300\" height=\"163\" srcset=\"https:\/\/www.comertia.net\/wp-content\/uploads\/2023\/05\/2302-febrer-1-300x163.jpg 300w, https:\/\/www.comertia.net\/wp-content\/uploads\/2023\/05\/2302-febrer-1-768x416.jpg 768w, https:\/\/www.comertia.net\/wp-content\/uploads\/2023\/05\/2302-febrer-1.jpg 941w\" sizes=\"auto, (max-width: 300px) 100vw, 300px\" \/><\/p>\n<h6 style=\"text-align: center;\">Gr\u00e1fico comparativo de ventas actuales versus mismo a\u00f1o anterior<\/h6>\n<p><em>\u00a0<\/em><em>Barcelona, \u200b\u200ba 3 de marzo de 2023. \u2013 <\/em><strong>Las ventas de los establecimientos de Comertia crecieron un 13,2% durante el mes de febrero de 2023 en comparaci\u00f3n con los datos de facturaci\u00f3n del segundo mes del a\u00f1o de 2022<\/strong>, seg\u00fan los datos recogidos por el Indicador de Retail Comertia. Ahora bien, el volumen de unidades vendidas ha crecido <strong>s\u00f3lo un 2,4%,<\/strong> lo que constata de nuevo, el impacto de la inflaci\u00f3n en el sector.<\/p>\n<p>Al igual que en el mes de enero, los resultados de los sectores de la restauraci\u00f3n y el ocio y cultura son los que m\u00e1s han impulsado la media de las ventas de Comertia, dado que el mismo mes del a\u00f1o anterior estos sectores todav\u00eda sufr\u00edan restricciones debido a la pandemia. <strong>Separando estos sectores, el crecimiento de ventas de Comertia en febrero se sit\u00faa en un 9,9%.<\/strong><\/p>\n<p>En cuanto a la evoluci\u00f3n del consumo este mes, el 72% de los empresarios de Comertia afirma que el importe de tique medio ha sido m\u00e1s alto que en febrero del a\u00f1o anterior, pero con diferencias: de este 72%, el 43% ha vendido menos tiques, un 24% ha vendido m\u00e1s tiques que el mismo mes del a\u00f1o anterior y un 5% ha vendido igual, pero con un importe de tique medio m\u00e1s alto. Un 18% de los empresarios mantuvo un importe de tique medio similar al a\u00f1o pasado, y un 9% m\u00e1s registr\u00f3 tique medio m\u00e1s bajo.<\/p>\n<p>Analizando las partidas de costes en lo que va de a\u00f1o, los empresarios de Comertia destacan como principal gasto, el incremento de los costes energ\u00e9ticos y de producto, seguido de los costes de personal, alquileres y costes log\u00edsticos. Pese a la complicada coyuntura, las empresas de Comertia siguen apostando por la mejora de la competitividad empresarial, invirtiendo en proyectos de digitalizaci\u00f3n, sostenibilidad y personas, principalmente.<\/p>\n<p>En conjunto, <strong>el 85% de las empresas de Comertia asegura haber incrementado su facturaci\u00f3n durante el mes de febrero, un 5% la ha mantenido y un 10% afirma haber disminuido su volumen de ventas respecto a febrero de 2022<\/strong>. Las empresas de Comertia pronostican un incremento del 11,5% de la facturaci\u00f3n en marzo.<\/p>\n<p><strong>Casi todas las categor\u00edas de actividad de Comertia han crecido a doble d\u00edgito en febrero<\/strong><\/p>\n<p>Por segundo mes consecutivo, el Indicador de Retail Comertia ha identificado crecimientos en todas las categor\u00edas de actividad, y pr\u00e1cticamente todos a doble d\u00edgito. En esta ocasi\u00f3n, el ocio y la cultura fue el sector productivo que m\u00e1s creci\u00f3 en febrero, con un incremento del 31,8%. Otros sectores de actividad como Moda (14%), Restauraci\u00f3n (13,6%), Hogar (13,1%) y Complementos de la persona (12,1%), han tenido crecimientos destacados. Por su parte, la Alimentaci\u00f3n B\u00e1sica (10,5%) y la Alimentaci\u00f3n no b\u00e1sica (10,2%) han compartido un crecimiento muy similar. El sector Otros, que incluye servicios, seguros, telefon\u00eda y motor, ha tenido un crecimiento m\u00e1s discreto, del 3,5%.<\/p>\n<p><strong>La media de crecimiento de la venta online se sit\u00faa en un 8% en febrero<\/strong><\/p>\n<p>La evoluci\u00f3n de las ventas online sigue una tendencia inferior a las ventas globales. Este mes de febrero, la media de crecimiento de las ventas online se situ\u00f3 en un 8%, siete puntos por encima de enero (1,3%).<\/p>\n<p>Seg\u00fan los datos recopilados por el indicador de Retail Comertia las ventas online mantienen una tendencia m\u00e1s moderada, con fuertes aumentos en algunos sectores como Moda (16,1%), Hogar (14,3%), Ocio y Cultura (12,6 %), Otros -que incluye servicios, seguros, telefon\u00eda y motor- (4,9%). La Restauraci\u00f3n (-2,4%) y la Alimentaci\u00f3n no b\u00e1sica (-1,2%) han sufrido decrecimientos.<\/p>\n<p>En el gr\u00e1fico de tendencia anual de las ventas a trav\u00e9s de internet se observa que despu\u00e9s de un Black Friday y una campa\u00f1a de Navidad caracterizadas por un consumo m\u00e1s presencial, las ventas online comienzan a recuperarse algo este mes de febrero situando el <strong>peso medio de la venta online respecto al volumen de facturaci\u00f3n, en el 6,3%.<\/strong><\/p>\n<p><strong><u>M\u00e1s sobre el indicador<\/u><\/strong><\/p>\n<p>El Indicador de Retail Comertia es un informe mensual real que sirve como diagn\u00f3stico a corto, medio y largo plazo, sobre la realidad del sector en aquellos aspectos clave para la muestra de empresas representada: empleo, n\u00famero de establecimientos y ventas, totales y por sectores de actividad.<\/p>\n<p>Metodolog\u00eda: Encuesta online a los empresarios de Comertia, del 1 al 3 de marzo de 2023.<\/p>\n<p>Inicio del indicador de Retail Comertia: octubre 2010. M\u00e1s informaci\u00f3n: <a href=\"http:\/\/www.comertia.net\">www.comertia.net<\/a>.<\/p>\n","protected":false},"excerpt":{"rendered":"<p>El volumen de unidades vendidas durante el mes de febrero s\u00f3lo ha crecido un 2,4%, lo que denota el impacto de la inflaci\u00f3n en el sector. Gr\u00e1fico comparativo de ventas actuales versus mismo a\u00f1o anterior \u00a0Barcelona, \u200b\u200ba 3 de marzo de 2023. \u2013 Las ventas de los establecimientos de Comertia crecieron un 13,2% durante el [&hellip;]<\/p>\n","protected":false},"author":2,"featured_media":3895,"comment_status":"closed","ping_status":"closed","sticky":false,"template":"","format":"standard","meta":{"_acf_changed":false,"footnotes":""},"categories":[23],"tags":[],"class_list":["post-3938","post","type-post","status-publish","format-standard","has-post-thumbnail","hentry","category-indicador-retail-comertia-es"],"acf":[],"_links":{"self":[{"href":"https:\/\/www.comertia.net\/es\/wp-json\/wp\/v2\/posts\/3938","targetHints":{"allow":["GET"]}}],"collection":[{"href":"https:\/\/www.comertia.net\/es\/wp-json\/wp\/v2\/posts"}],"about":[{"href":"https:\/\/www.comertia.net\/es\/wp-json\/wp\/v2\/types\/post"}],"author":[{"embeddable":true,"href":"https:\/\/www.comertia.net\/es\/wp-json\/wp\/v2\/users\/2"}],"replies":[{"embeddable":true,"href":"https:\/\/www.comertia.net\/es\/wp-json\/wp\/v2\/comments?post=3938"}],"version-history":[{"count":1,"href":"https:\/\/www.comertia.net\/es\/wp-json\/wp\/v2\/posts\/3938\/revisions"}],"predecessor-version":[{"id":3942,"href":"https:\/\/www.comertia.net\/es\/wp-json\/wp\/v2\/posts\/3938\/revisions\/3942"}],"wp:featuredmedia":[{"embeddable":true,"href":"https:\/\/www.comertia.net\/es\/wp-json\/wp\/v2\/media\/3895"}],"wp:attachment":[{"href":"https:\/\/www.comertia.net\/es\/wp-json\/wp\/v2\/media?parent=3938"}],"wp:term":[{"taxonomy":"category","embeddable":true,"href":"https:\/\/www.comertia.net\/es\/wp-json\/wp\/v2\/categories?post=3938"},{"taxonomy":"post_tag","embeddable":true,"href":"https:\/\/www.comertia.net\/es\/wp-json\/wp\/v2\/tags?post=3938"}],"curies":[{"name":"wp","href":"https:\/\/api.w.org\/{rel}","templated":true}]}}