{"id":1880,"date":"2021-02-03T21:18:03","date_gmt":"2021-02-03T20:18:03","guid":{"rendered":"http:\/\/www.comertia.net\/les-ventas-de-comertia-disminuyen-un-295-en-enero\/"},"modified":"2021-02-03T21:18:03","modified_gmt":"2021-02-03T20:18:03","slug":"les-ventas-de-comertia-disminuyen-un-295-en-enero","status":"publish","type":"post","link":"https:\/\/www.comertia.net\/es\/les-ventas-de-comertia-disminuyen-un-295-en-enero\/","title":{"rendered":"Les ventas de Comertia disminuyen un 29,5% en enero"},"content":{"rendered":"<p><em><strong>Sin tener en cuenta la alimentaci\u00f3n b\u00e1sica, la prolongaci\u00f3n de las restricciones discriminatorias al comercio ha causado un descenso de ventas del 33,8% en enero.<\/strong><\/em><\/p>\n<p><em><strong>El 80% de las empresas ha tenido descenso de ventas este mes de enero, y el 61% mantiene parte de la plantilla en ERTE.<\/strong><\/em><\/p>\n<p><em><strong>En cuanto a las elecciones, el 59% de los empresarios ha expresado no tener ninguna confianza en los pol\u00edticos.<\/strong><\/em><\/p>\n<p>El indicador de\u00a0retail\u00a0Comertia\u00a0se\u00f1ala una disminuci\u00f3n del 29,5% en las ventas de este mes de enero respecto al mismo mes de 2020, a causa de la prolongaci\u00f3n de las restricciones discriminatorias al sector. <strong>Los establecimientos de\u00a0Comertia\u00a0suman once meses de ventas negativas<\/strong>, siendo este mes de enero el cuarto con el pico m\u00e1s bajo de ventas desde que ha empezado la pandemia.<\/p>\n<p style=\"text-align: center;\"><strong>Media de ventas totales (en %) mes de enero de 2021<\/strong><\/p>\n<p style=\"text-align: center;\"><img loading=\"lazy\" decoding=\"async\" class=\"aligncenter wp-image-1441 size-full\" src=\"http:\/\/www.comertia.net\/wp-content\/uploads\/2021\/02\/20210203-indicador-retail-01.jpg\" alt=\"\" width=\"700\" height=\"245\" srcset=\"https:\/\/www.comertia.net\/wp-content\/uploads\/2021\/02\/20210203-indicador-retail-01.jpg 700w, https:\/\/www.comertia.net\/wp-content\/uploads\/2021\/02\/20210203-indicador-retail-01-300x105.jpg 300w\" sizes=\"auto, (max-width: 700px) 100vw, 700px\" \/><\/p>\n<p style=\"text-align: center;\"><strong><br \/>\nMedia de ventas totales (en %) mes de enero de 2021 (sin alimentaci\u00f3n b\u00e1sica)<\/strong><\/p>\n<p>Las\u00a0ventas\u00a0de\u00a0los\u00a0productos\u00a0de\u00a0alimentaci\u00f3n\u00a0b\u00e1sica\u00a0han\u00a0aumentado\u00a0un 12,5%,\u00a0mientras\u00a0que\u00a0las\u00a0del resto de\u00a0productos\u00a0han\u00a0disminuido\u00a0conjuntamente\u00a0un 33,8%:\u00a0<strong>Equipamiento del Hogar (-10,2%), Otros (-14%), Complementos de la persona (-22,7%), Moda (-35,5%), Alimentaci\u00f3n no b\u00e1sica (-38,2%), Ocio y Cultura (-57,2%) y Restauraci\u00f3n (-57,8%).<\/strong><\/p>\n<p style=\"text-align: center;\"><strong>Gr\u00e1fico de ventas febrero por sectores de actividad comercial<\/strong><\/p>\n<p style=\"text-align: center;\"><img loading=\"lazy\" decoding=\"async\" class=\"aligncenter size-full wp-image-1448\" src=\"http:\/\/www.comertia.net\/wp-content\/uploads\/2021\/02\/20210203-indicador-retail-03.jpg\" alt=\"\" width=\"650\" height=\"430\" srcset=\"https:\/\/www.comertia.net\/wp-content\/uploads\/2021\/02\/20210203-indicador-retail-03.jpg 650w, https:\/\/www.comertia.net\/wp-content\/uploads\/2021\/02\/20210203-indicador-retail-03-300x198.jpg 300w\" sizes=\"auto, (max-width: 650px) 100vw, 650px\" \/><\/p>\n<h2><strong>En conjunto, las empresas de\u00a0Comertia\u00a0han cerrado 52 establecimientos al 2020 y las empresas de sectores esenciales han inaugurado 39 puntos de venta<\/strong><\/h2>\n<p>Todos los sectores de Comertia excepto Ocio y Cultura y Otros (gasolineras y servicios) por su formato m\u00e1s presencial, han visto aumentar sus ventas en l\u00ednea este mes, con un crecimiento de 108,2% de media.<\/p>\n<p style=\"text-align: center;\"><img loading=\"lazy\" decoding=\"async\" class=\"aligncenter size-full wp-image-1451\" src=\"http:\/\/www.comertia.net\/wp-content\/uploads\/2021\/02\/20210203-indicador-retail-04.jpg\" alt=\"\" width=\"550\" height=\"465\" srcset=\"https:\/\/www.comertia.net\/wp-content\/uploads\/2021\/02\/20210203-indicador-retail-04.jpg 550w, https:\/\/www.comertia.net\/wp-content\/uploads\/2021\/02\/20210203-indicador-retail-04-300x254.jpg 300w\" sizes=\"auto, (max-width: 550px) 100vw, 550px\" \/><\/p>\n<h2><strong>Los empresarios de\u00a0Comertia\u00a0no conf\u00edan que las elecciones de Catalu\u00f1a ayuden a mejorar la gesti\u00f3n econ\u00f3mica, social y sanitaria<\/strong><\/h2>\n<p>El 59% de los empresarios ha manifestado no tener ninguna confianza en los pol\u00edticos, mientras un 24% conf\u00eda que los pol\u00edticos tomen nota del resultado de las elecciones para hacer mejor su trabajo, y un 12% m\u00e1s se ha abstenido de dar respuesta. Solo un 5% cree que el resultado de las elecciones reforzar\u00e1 los \u00e1nimos.<\/p>\n<h2><strong>Ninguna empresa de\u00a0Comertia\u00a0se plantea el cierre del negocio este 2021<\/strong><\/h2>\n<p>La mayor\u00eda de las empresas de\u00a0Comertia\u00a0tienen como eje estrat\u00e9gico para este 2021 (de mayor a menor importancia) la inversi\u00f3n y crecimiento digital, la reinvenci\u00f3n o b\u00fasqueda de nuevas oportunidades de negocio o servicios, la expansi\u00f3n con tiendas f\u00edsicas, la recapitalizaci\u00f3n de la empresa y el cierre o reducci\u00f3n de la red de establecimientos.<\/p>\n<h2><strong>En el mes de enero, el 80% de las empresas ha disminuido sus ventas<\/strong><\/h2>\n<p>Un 18% de las empresas ha tenido aumento de ventas respecto al mismo mes del a\u00f1o anterior, un 2% las ha mantenido y un 80% las ha disminuido. El 61% de las empresas tiene parte de la plantilla en ERTE: el 34% m\u00e1s del 50%, el 10% entre el 30% y el 50% de la plantilla, un 7% entre el 10% y el 30%. El 39% no tiene a nadie en ERTE. El 55% de las empresas ha mantenido plantilla, mientras un 40% lo ha disminuido y un 33% m\u00e1s tiene previsto reducirla en febrero.<\/p>\n<h2><strong>La previsi\u00f3n de ventas de los empresarios para el mes de febrero es -20,2%<\/strong><\/h2>\n<p style=\"text-align: center;\"><img loading=\"lazy\" decoding=\"async\" class=\"aligncenter size-full wp-image-1454\" src=\"http:\/\/www.comertia.net\/wp-content\/uploads\/2021\/02\/20210203-indicador-retail-05.jpg\" alt=\"\" width=\"700\" height=\"290\" srcset=\"https:\/\/www.comertia.net\/wp-content\/uploads\/2021\/02\/20210203-indicador-retail-05.jpg 700w, https:\/\/www.comertia.net\/wp-content\/uploads\/2021\/02\/20210203-indicador-retail-05-300x124.jpg 300w\" sizes=\"auto, (max-width: 700px) 100vw, 700px\" \/><\/p>\n<p>La\u00a0previsi\u00f3n de\u00a0ventas de los empresarios de\u00a0Comertia\u00a0de cara en el mes de enero se\u00a0esperaba negativa\u00a0(-18%) por las restricciones impuestas al comercio, pero\u00a0la prolongaci\u00f3n\u00a0de estas con medidas discriminatorias como el cierre\u00a0del comercio\u00a0no esencial el fin de semana y de los comercios de m\u00e1s de\u00a0400m2\u00a0y\u00a0centros comerciales, ha causado un descenso de ventas todav\u00eda m\u00e1s pronunciado (-33,8%). Los empresarios estiman que el mes de febrero se salde con un descenso del -20,2%.<\/p>\n<p style=\"text-align: center;\"><strong>Gr\u00e1fico comparativo del indicador retail Comertia con el \u00edndice INE y IDESCAT<\/strong><\/p>\n<p style=\"text-align: center;\"><img loading=\"lazy\" decoding=\"async\" class=\"aligncenter size-full wp-image-1457\" src=\"http:\/\/www.comertia.net\/wp-content\/uploads\/2021\/02\/20210203-indicador-retail-06.jpg\" alt=\"\" width=\"700\" height=\"311\" srcset=\"https:\/\/www.comertia.net\/wp-content\/uploads\/2021\/02\/20210203-indicador-retail-06.jpg 700w, https:\/\/www.comertia.net\/wp-content\/uploads\/2021\/02\/20210203-indicador-retail-06-300x133.jpg 300w\" sizes=\"auto, (max-width: 700px) 100vw, 700px\" \/><\/p>\n<p>Los tres indicadores mantienen la tendencia de la curva, si bien el indicador de\u00a0Comertia\u00a0marca un descenso de ventas m\u00e1s pronunciado, principalmente por el peso de la restauraci\u00f3n (11%) en la distribuci\u00f3n de sectores, y por la presencia de las marcas en zonas comerciales afectadas por la crisis, como son los centros comerciales, los centros de ciudad y las zonas tur\u00edsticas en general.<\/p>\n<p><strong><u>M\u00e1s sobre el indicador<br \/>\n<\/u><\/strong>El Indicador de\u00a0Retail\u00a0Comertia\u00a0es un informe mensual real que sirve como diagn\u00f3stico a corto, mediano y largo plazo, sobre la realidad del sector en aquellos aspectos clave para la muestra de empresas representada: ocupaci\u00f3n, n\u00famero de establecimientos y ventas, totales y por sectores de actividad.<\/p>\n<p>Metodolog\u00eda: Encuesta en l\u00ednea a los empresarios de Comertia, del 1 al 3 de febrero de 2021.<\/p>\n<p>Inicio del indicador de\u00a0Retail\u00a0Comertia: octubre 2010.<\/p>\n","protected":false},"excerpt":{"rendered":"<p>Sin tener en cuenta la alimentaci\u00f3n b\u00e1sica, la prolongaci\u00f3n de las restricciones discriminatorias al comercio ha causado un descenso de ventas del 33,8% en enero. El 80% de las empresas ha tenido descenso de ventas este mes de enero, y el 61% mantiene parte de la plantilla en ERTE. En cuanto a las elecciones, el [&hellip;]<\/p>\n","protected":false},"author":4,"featured_media":1624,"comment_status":"open","ping_status":"open","sticky":false,"template":"","format":"standard","meta":{"_acf_changed":false,"footnotes":""},"categories":[23],"tags":[],"class_list":["post-1880","post","type-post","status-publish","format-standard","has-post-thumbnail","hentry","category-indicador-retail-comertia-es"],"acf":[],"_links":{"self":[{"href":"https:\/\/www.comertia.net\/es\/wp-json\/wp\/v2\/posts\/1880","targetHints":{"allow":["GET"]}}],"collection":[{"href":"https:\/\/www.comertia.net\/es\/wp-json\/wp\/v2\/posts"}],"about":[{"href":"https:\/\/www.comertia.net\/es\/wp-json\/wp\/v2\/types\/post"}],"author":[{"embeddable":true,"href":"https:\/\/www.comertia.net\/es\/wp-json\/wp\/v2\/users\/4"}],"replies":[{"embeddable":true,"href":"https:\/\/www.comertia.net\/es\/wp-json\/wp\/v2\/comments?post=1880"}],"version-history":[{"count":0,"href":"https:\/\/www.comertia.net\/es\/wp-json\/wp\/v2\/posts\/1880\/revisions"}],"wp:featuredmedia":[{"embeddable":true,"href":"https:\/\/www.comertia.net\/es\/wp-json\/wp\/v2\/media\/1624"}],"wp:attachment":[{"href":"https:\/\/www.comertia.net\/es\/wp-json\/wp\/v2\/media?parent=1880"}],"wp:term":[{"taxonomy":"category","embeddable":true,"href":"https:\/\/www.comertia.net\/es\/wp-json\/wp\/v2\/categories?post=1880"},{"taxonomy":"post_tag","embeddable":true,"href":"https:\/\/www.comertia.net\/es\/wp-json\/wp\/v2\/tags?post=1880"}],"curies":[{"name":"wp","href":"https:\/\/api.w.org\/{rel}","templated":true}]}}