{"id":1828,"date":"2021-08-04T22:52:23","date_gmt":"2021-08-04T20:52:23","guid":{"rendered":"http:\/\/www.comertia.net\/las-ventas-de-comertia-crecen-un-276-este-julio-respecto-al-mismo-mes-del-ano-anterior\/"},"modified":"2021-10-22T19:29:55","modified_gmt":"2021-10-22T17:29:55","slug":"las-ventas-de-comertia-crecen-un-276-este-julio-respecto-al-mismo-mes-del-ano-anterior","status":"publish","type":"post","link":"https:\/\/www.comertia.net\/es\/las-ventas-de-comertia-crecen-un-276-este-julio-respecto-al-mismo-mes-del-ano-anterior\/","title":{"rendered":"Las ventas de Comertia crecen un 27,6% este julio respecto al mismo mes del a\u00f1o anterior"},"content":{"rendered":"<p><em><strong>Este mes de julio, 3 de cada 4 empresas de Comertia ha aumentado ventas respecto al mes de julio de 2020; comparando con 2019, las ventas han disminuido un 12,5%.<\/strong><\/em><\/p>\n<p><em><strong>El inicio de las vacaciones y el aumento del tiempo libre han repercutido muy positivamente en los sectores del Ocio y cultura (80,4%) y la Restauraci\u00f3n (49,8%).<\/strong><\/em><\/p>\n<p><em><strong>El peso de la venta online ya supone el 6,6% de la facturaci\u00f3n de las empresas Comertia.<\/strong><\/em><\/p>\n<p><em><strong>En estos momentos, el 8,9% del volumen del total de trabajadores de Comertia est\u00e1 de baja por contagio o por contacto directo.<\/strong><\/em><\/p>\n<p style=\"text-align: center;\"><img loading=\"lazy\" decoding=\"async\" class=\"aligncenter size-full wp-image-1592\" src=\"https:\/\/beta.comertia.net\/wp-content\/uploads\/2021\/08\/202108-indicador-retail-01.jpg\" alt=\"\" width=\"700\" height=\"397\" srcset=\"https:\/\/www.comertia.net\/wp-content\/uploads\/2021\/08\/202108-indicador-retail-01.jpg 700w, https:\/\/www.comertia.net\/wp-content\/uploads\/2021\/08\/202108-indicador-retail-01-300x170.jpg 300w\" sizes=\"auto, (max-width: 700px) 100vw, 700px\" \/><\/p>\n<p>Este mes de julio, <strong>un 79% de las empresas ha tenido aumento de ventas respecto al mismo mes del a\u00f1o 2020 y un 21% las ha disminuido.<\/strong> Comparando con el a\u00f1o 2019, antes de la pandemia, la situaci\u00f3n pr\u00e1cticamente se invierte, con un 34% de empresas que ha aumentado ventas en julio respecto al mes de julio de 2019, un 61% las ha disminuido, y un 5 % mantiene ventas constantes.<\/p>\n<p>Desde la llegada de la pandemia, el 52% de las empresas comerciales de Comertia ha optado por ampliar sus canales de venta, bien a trav\u00e9s de canales propios, reforzando sus ecommerce y redes sociales (33%), as\u00ed como incorporando sus productos y servicios a plataformas externas (19%) para llegar a nuevos consumidores.<\/p>\n<p>Seg\u00fan los comerciantes, los clientes todav\u00eda esperan la llegada de rebajas, pero ya no tienen tanta fuerza comercial como cuando estaban reguladas por ley. De hecho, <strong>uno de cada dos empresarios que hace rebajas afirma que no nota ninguna repercusi\u00f3n en las ventas.<\/strong><\/p>\n<p>En cuanto a los formatos de venta, los centros comerciales situados en zonas de m\u00e1s afluencia tur\u00edstica est\u00e1n teniendo m\u00e1s tr\u00e1fico de visitantes, aunque seg\u00fan buena parte de los empresarios, no les acaba de suponer mejores ventas.<\/p>\n<p>La variante delta de la Covid ha causado algunos problemas de personal en las empresas de Comertia: <strong>actualmente un 8,9% del volumen de trabajadores se encuentra de baja por contagio o por estar en contacto con un positivo.<\/strong><\/p>\n<p style=\"text-align: center;\"><strong>Gr\u00e1fico de ventas por categor\u00edas, mes de julio 2021 vs julio 2020<\/strong><\/p>\n<p style=\"text-align: center;\"><img loading=\"lazy\" decoding=\"async\" class=\"aligncenter size-full wp-image-1595\" src=\"https:\/\/beta.comertia.net\/wp-content\/uploads\/2021\/08\/202108-indicador-retail-02.jpg\" alt=\"\" width=\"650\" height=\"360\" srcset=\"https:\/\/www.comertia.net\/wp-content\/uploads\/2021\/08\/202108-indicador-retail-02.jpg 650w, https:\/\/www.comertia.net\/wp-content\/uploads\/2021\/08\/202108-indicador-retail-02-300x166.jpg 300w\" sizes=\"auto, (max-width: 650px) 100vw, 650px\" \/><\/p>\n<p>Este mes de julio, <strong>el inicio de las vacaciones ha propiciado grandes aumentos de ventas en los sectores Ocio y Cultura (80,4%) y Restauraci\u00f3n (49,8%),<\/strong> especialmente. Tambi\u00e9n se ha animado el consumo de Moda (32,8%) y de Alimentaci\u00f3n no b\u00e1sica (24,7%), por encima de otros sectores m\u00e1s cotidianos como la Alimentaci\u00f3n b\u00e1sica (4,8%) o el hogar (-6,4%).<\/p>\n<h2><strong>En cuanto a las ventas online, han aumentado de media un 140,7% en el mes de julio respecto a julio de 2019<\/strong><\/h2>\n<p style=\"text-align: center;\"><img loading=\"lazy\" decoding=\"async\" class=\"aligncenter size-full wp-image-1598\" src=\"https:\/\/beta.comertia.net\/wp-content\/uploads\/2021\/08\/202108-indicador-retail-03.jpg\" alt=\"\" width=\"650\" height=\"422\" srcset=\"https:\/\/www.comertia.net\/wp-content\/uploads\/2021\/08\/202108-indicador-retail-03.jpg 650w, https:\/\/www.comertia.net\/wp-content\/uploads\/2021\/08\/202108-indicador-retail-03-300x195.jpg 300w\" sizes=\"auto, (max-width: 650px) 100vw, 650px\" \/><\/p>\n<p>En online, <strong>la media de crecimiento sigue siendo de tres d\u00edgitos este mes de julio (140,7%).<\/strong> El sector con m\u00e1s venta online ha sido la Alimentaci\u00f3n (152%), seguido de Complementos persona (116,7%), Moda (103,8%) y Hogar (84,7%).<\/p>\n<p>En el conjunto de las empresas de Comertia, <strong>este mes de julio el peso de la venta online sobre el total de ventas ha representado de media un 6,6%, dos puntos m\u00e1s que el mes anterior.<\/strong> El sector con m\u00e1s presencia online este julio ha sido la Moda (9,7%), superando la media de Comertia, del 6,6%.<\/p>\n<p>Las empresas de Comertia han abierto 8 establecimientos y han cerrado 2 este mes de julio.<\/p>\n<h2><strong>La previsi\u00f3n de ventas de los empresarios para el mes de agosto de 2021 es aumentar un 8,7% las ventas<\/strong><\/h2>\n<p style=\"text-align: center;\"><img loading=\"lazy\" decoding=\"async\" class=\"aligncenter size-full wp-image-1601\" src=\"https:\/\/beta.comertia.net\/wp-content\/uploads\/2021\/08\/202108-indicador-retail-04.jpg\" alt=\"\" width=\"700\" height=\"306\" srcset=\"https:\/\/www.comertia.net\/wp-content\/uploads\/2021\/08\/202108-indicador-retail-04.jpg 700w, https:\/\/www.comertia.net\/wp-content\/uploads\/2021\/08\/202108-indicador-retail-04-300x131.jpg 300w\" sizes=\"auto, (max-width: 700px) 100vw, 700px\" \/><\/p>\n<p><strong><u>M\u00e1s sobre el indicador<br \/>\n<\/u><\/strong>El Indicador de Retail Comertia es un informe mensual real que sirve como diagn\u00f3stico a corto, medio y largo plazo, sobre la realidad del sector en aquellos aspectos clave para la muestra de empresas representada: empleo, n\u00famero de establecimientos y ventas, totales y por sectores de actividad.<br \/>\nMetodolog\u00eda: Encuesta online a los empresarios de Comertia, del 2 al 4 de agosto de 2021.<br \/>\nInicio del indicador de Retail Comertia: octubre 2010<\/p>\n","protected":false},"excerpt":{"rendered":"<p>Este mes de julio, 3 de cada 4 empresas de Comertia ha aumentado ventas respecto al mes de julio de 2020; comparando con 2019, las ventas han disminuido un 12,5%. El inicio de las vacaciones y el aumento del tiempo libre han repercutido muy positivamente en los sectores del Ocio y cultura (80,4%) y la [&hellip;]<\/p>\n","protected":false},"author":4,"featured_media":1405,"comment_status":"open","ping_status":"open","sticky":false,"template":"","format":"standard","meta":{"_acf_changed":false,"footnotes":""},"categories":[23],"tags":[],"class_list":["post-1828","post","type-post","status-publish","format-standard","has-post-thumbnail","hentry","category-indicador-retail-comertia-es"],"acf":[],"_links":{"self":[{"href":"https:\/\/www.comertia.net\/es\/wp-json\/wp\/v2\/posts\/1828","targetHints":{"allow":["GET"]}}],"collection":[{"href":"https:\/\/www.comertia.net\/es\/wp-json\/wp\/v2\/posts"}],"about":[{"href":"https:\/\/www.comertia.net\/es\/wp-json\/wp\/v2\/types\/post"}],"author":[{"embeddable":true,"href":"https:\/\/www.comertia.net\/es\/wp-json\/wp\/v2\/users\/4"}],"replies":[{"embeddable":true,"href":"https:\/\/www.comertia.net\/es\/wp-json\/wp\/v2\/comments?post=1828"}],"version-history":[{"count":1,"href":"https:\/\/www.comertia.net\/es\/wp-json\/wp\/v2\/posts\/1828\/revisions"}],"predecessor-version":[{"id":2241,"href":"https:\/\/www.comertia.net\/es\/wp-json\/wp\/v2\/posts\/1828\/revisions\/2241"}],"wp:featuredmedia":[{"embeddable":true,"href":"https:\/\/www.comertia.net\/es\/wp-json\/wp\/v2\/media\/1405"}],"wp:attachment":[{"href":"https:\/\/www.comertia.net\/es\/wp-json\/wp\/v2\/media?parent=1828"}],"wp:term":[{"taxonomy":"category","embeddable":true,"href":"https:\/\/www.comertia.net\/es\/wp-json\/wp\/v2\/categories?post=1828"},{"taxonomy":"post_tag","embeddable":true,"href":"https:\/\/www.comertia.net\/es\/wp-json\/wp\/v2\/tags?post=1828"}],"curies":[{"name":"wp","href":"https:\/\/api.w.org\/{rel}","templated":true}]}}