{"id":1824,"date":"2021-04-08T22:07:58","date_gmt":"2021-04-08T20:07:58","guid":{"rendered":"http:\/\/www.comertia.net\/las-ventas-de-comertia-disminuyen-un-84-respecto-a-marzo-de-2019\/"},"modified":"2021-04-08T22:07:58","modified_gmt":"2021-04-08T20:07:58","slug":"las-ventas-de-comertia-disminuyen-un-84-respecto-a-marzo-de-2019","status":"publish","type":"post","link":"https:\/\/www.comertia.net\/es\/las-ventas-de-comertia-disminuyen-un-84-respecto-a-marzo-de-2019\/","title":{"rendered":"Las ventas de Comertia disminuyen un -8,4% respecto a marzo de 2019"},"content":{"rendered":"<p><em><strong>Las ventas han aumentado un 85,7% este marzo respecto al mismo mes del a\u00f1o anterior debido al confinamiento y cierre total que vivimos ahora hace un a\u00f1o. Comparadas con 2019, las ventas han disminuido un -8,4%.<\/strong><\/em><\/p>\n<p><em><strong>Sin tener en cuenta la categor\u00eda de Alimentaci\u00f3n b\u00e1sica, el descenso de ventas es de -12,4%, respecto al mes de marzo de 2019.<\/strong><\/em><\/p>\n<p>Un a\u00f1o despu\u00e9s de la llegada de la pandemia, las ventas todav\u00eda no han vuelto a su normalidad, sin embargo, el consumo empieza a reavivar. Comparando los datos de ventas del indicador de retail Comertia de este mes con las del mismo mes del a\u00f1o 2019, se observa que contin\u00faan siendo inferiores, con una variaci\u00f3n del -8,4%. Sin tener en cuenta la categor\u00eda de alimentaci\u00f3n b\u00e1sica, las ventas decrecen hasta -12,4%. <strong>Este descenso en las ventas es debido, principalmente, a las restricciones de la restauraci\u00f3n, con el cierre en centros comerciales y la restricci\u00f3n horaria hasta las 5 de la tarde.<\/strong><\/p>\n<p style=\"text-align: center;\"><strong>Media de ventas totales (en %) mes de marzo de 2021<\/strong><\/p>\n<p style=\"text-align: center;\"><img loading=\"lazy\" decoding=\"async\" class=\"aligncenter size-full wp-image-1515\" src=\"http:\/\/www.comertia.net\/wp-content\/uploads\/2021\/04\/202104-indicador-retail-01.jpg\" alt=\"\" width=\"700\" height=\"237\" srcset=\"https:\/\/www.comertia.net\/wp-content\/uploads\/2021\/04\/202104-indicador-retail-01.jpg 700w, https:\/\/www.comertia.net\/wp-content\/uploads\/2021\/04\/202104-indicador-retail-01-300x102.jpg 300w\" sizes=\"auto, (max-width: 700px) 100vw, 700px\" \/><\/p>\n<p style=\"text-align: center;\"><strong>Media de ventas totales (en %) mes de marzo de 2021 (sin alimentaci\u00f3n b\u00e1sica)<\/strong><\/p>\n<p style=\"text-align: center;\"><img loading=\"lazy\" decoding=\"async\" class=\"aligncenter size-full wp-image-1519\" src=\"http:\/\/www.comertia.net\/wp-content\/uploads\/2021\/04\/202104-indicador-retail-02.jpg\" alt=\"\" width=\"700\" height=\"239\" srcset=\"https:\/\/www.comertia.net\/wp-content\/uploads\/2021\/04\/202104-indicador-retail-02.jpg 700w, https:\/\/www.comertia.net\/wp-content\/uploads\/2021\/04\/202104-indicador-retail-02-300x102.jpg 300w\" sizes=\"auto, (max-width: 700px) 100vw, 700px\" \/><\/p>\n<p><strong>Comparando con el mes de marzo de 2019, <\/strong>un 48% de las empresas ha tenido aumento de ventas, un 2% las ha mantenido, y un 50% las ha disminuido. Seg\u00fan el presidente de Comertia, David S\u00e1nchez,<strong> \u201ceste mes de marzo, el buen tiempo y la llegada de la Semana Santa con menos restricciones han hecho reavivar el consumo, y hemos notado m\u00e1s afluencia en las calles y en algunos centros comerciales\u201d.<\/strong><\/p>\n<p>En este a\u00f1o de pandemia, <strong>el importe del tique medio de compra en alimentaci\u00f3n b\u00e1sica ha aumentado de media un 34%,<\/strong> mientras que la media del resto de sectores no muestra ninguna variaci\u00f3n destacable. Sin embargo, en t\u00e9rminos generales, el 60% de las empresas asociadas ha reducido el n\u00famero de tiques este a\u00f1o, un 13,3% lo ha mantenido y un 27,7% lo ha aumentado.<\/p>\n<p style=\"text-align: center;\"><strong>Gr\u00e1fico de ventas marzo 2021 por categor\u00edas, comparadas con 2020 y con 2019<\/strong><\/p>\n<p>Este mes de marzo, se ha notado cierta mejora en categor\u00edas como la <strong>Moda con un incremento de 157,6% respecto a marzo de 2020, por el cierre del a\u00f1o anterior<\/strong>; tambi\u00e9n <strong>Equipamiento del Hogar (129,2%), Complementos de la persona (80,6%), Otros (79,5%) y la Restauraci\u00f3n (65,2%)<\/strong> <strong>han tenido buenas ventas<\/strong>.<\/p>\n<p style=\"text-align: center;\"><img loading=\"lazy\" decoding=\"async\" class=\"aligncenter size-full wp-image-1522\" src=\"http:\/\/www.comertia.net\/wp-content\/uploads\/2021\/04\/202104-indicador-retail-03.jpg\" alt=\"\" width=\"550\" height=\"318\" srcset=\"https:\/\/www.comertia.net\/wp-content\/uploads\/2021\/04\/202104-indicador-retail-03.jpg 550w, https:\/\/www.comertia.net\/wp-content\/uploads\/2021\/04\/202104-indicador-retail-03-300x173.jpg 300w\" sizes=\"auto, (max-width: 550px) 100vw, 550px\" \/><\/p>\n<p>Con relaci\u00f3n a marzo de 2019, las categor\u00edas que mejor han respondido han sido <strong>Alimentaci\u00f3n b\u00e1sica, con un incremento del 29%, Equipamiento del hogar (4,9%), Complementos de la persona (3,8%) y Otros (servicios y automoci\u00f3n) que ha crecido un 2,3%.<\/strong><\/p>\n<p>El resto de los sectores ha tenido disminuci\u00f3n de ventas, sobre todo <strong>la Restauraci\u00f3n (-45,7%) y Ocio y Cultura (-40,8%),<\/strong> a pesar de que tambi\u00e9n han sufrido descenso de ventas la Alimentaci\u00f3n no B\u00e1sica (-13,7%) y la Moda (-6,3%), comparando con las ventas de marzo de 2019.<\/p>\n<p><strong>L<\/strong><strong>a media de crecimiento de la venta online este mes se ha situado en 119%, <\/strong>con un comportamiento muy heterog\u00e9neo de las marcas: el 39% de las empresas ha doblado ventas este mes, el 24% ha vendido entre el 50% y el 100% m\u00e1s, un 3% ha vendido entre un 25% y un 50% m\u00e1s, un 24% ha vendido hasta un 25% m\u00e1s que el mismo mes del a\u00f1o anterior y por \u00faltimo, un 9% m\u00e1s que ha vendido menos que el mismo mes del a\u00f1o anterior.<\/p>\n<p>Las empresas de Comertia han cerrado 14 establecimientos este mes de marzo y han abierto 5.<\/p>\n<p style=\"text-align: center;\"><img loading=\"lazy\" decoding=\"async\" class=\"aligncenter size-full wp-image-1525\" src=\"http:\/\/www.comertia.net\/wp-content\/uploads\/2021\/04\/202104-indicador-retail-04.jpg\" alt=\"\" width=\"550\" height=\"464\" srcset=\"https:\/\/www.comertia.net\/wp-content\/uploads\/2021\/04\/202104-indicador-retail-04.jpg 550w, https:\/\/www.comertia.net\/wp-content\/uploads\/2021\/04\/202104-indicador-retail-04-300x253.jpg 300w\" sizes=\"auto, (max-width: 550px) 100vw, 550px\" \/><\/p>\n<p><strong>Respecto al \u00edndice de ocupaci\u00f3n del sector, el 72% <\/strong>de las empresas ha mantenido plantilla, el 17% ha incrementado y un 11% ha disminuido. La previsi\u00f3n para el mes de abril es que el 20% de las empresas aumenten su plantilla, el 63% la mantenga y un 17% m\u00e1s la reduzca.<\/p>\n<h2><strong>La previsi\u00f3n de ventas de los empresarios para el mes de abril es +61,4%<\/strong><\/h2>\n<p style=\"text-align: center;\"><img loading=\"lazy\" decoding=\"async\" class=\"aligncenter size-full wp-image-1528\" src=\"http:\/\/www.comertia.net\/wp-content\/uploads\/2021\/04\/202104-indicador-retail-05.jpg\" alt=\"\" width=\"700\" height=\"290\" srcset=\"https:\/\/www.comertia.net\/wp-content\/uploads\/2021\/04\/202104-indicador-retail-05.jpg 700w, https:\/\/www.comertia.net\/wp-content\/uploads\/2021\/04\/202104-indicador-retail-05-300x124.jpg 300w\" sizes=\"auto, (max-width: 700px) 100vw, 700px\" \/><\/p>\n<p><strong>La previsi\u00f3n de ventas de los empresarios de Comertia de cara al mes de abril se mantiene positiva, proyectando un aumento de ventas de +61,4<\/strong>%, principalmente por el aumento de vacunaciones y la esperanza en la pronta reapertura de la restauraci\u00f3n de centros comerciales.<\/p>\n<p><strong><u>M\u00e9s sobre l&#8217;indicador<br \/>\n<\/u><\/strong>El Indicador de Retail Comertia es un informe mensual real que sirve como diagn\u00f3stico a corto, medio y largo plazo, sobre la realidad del sector en aquellos aspectos clave para la muestra de empresas representada: empleo, n\u00famero de establecimientos y ventas, totales y por sectores de actividad.<br \/>\nMetodolog\u00eda: Encuesta online a los empresarios de Comertia, del 1 al 8 de abril de 2021.<br \/>\nInicio del indicador de Retail Comertia: octubre 2010.<\/p>\n","protected":false},"excerpt":{"rendered":"<p>Las ventas han aumentado un 85,7% este marzo respecto al mismo mes del a\u00f1o anterior debido al confinamiento y cierre total que vivimos ahora hace un a\u00f1o. Comparadas con 2019, las ventas han disminuido un -8,4%. Sin tener en cuenta la categor\u00eda de Alimentaci\u00f3n b\u00e1sica, el descenso de ventas es de -12,4%, respecto al mes [&hellip;]<\/p>\n","protected":false},"author":4,"featured_media":1618,"comment_status":"open","ping_status":"open","sticky":false,"template":"","format":"standard","meta":{"_acf_changed":false,"footnotes":""},"categories":[23],"tags":[],"class_list":["post-1824","post","type-post","status-publish","format-standard","has-post-thumbnail","hentry","category-indicador-retail-comertia-es"],"acf":[],"_links":{"self":[{"href":"https:\/\/www.comertia.net\/es\/wp-json\/wp\/v2\/posts\/1824","targetHints":{"allow":["GET"]}}],"collection":[{"href":"https:\/\/www.comertia.net\/es\/wp-json\/wp\/v2\/posts"}],"about":[{"href":"https:\/\/www.comertia.net\/es\/wp-json\/wp\/v2\/types\/post"}],"author":[{"embeddable":true,"href":"https:\/\/www.comertia.net\/es\/wp-json\/wp\/v2\/users\/4"}],"replies":[{"embeddable":true,"href":"https:\/\/www.comertia.net\/es\/wp-json\/wp\/v2\/comments?post=1824"}],"version-history":[{"count":0,"href":"https:\/\/www.comertia.net\/es\/wp-json\/wp\/v2\/posts\/1824\/revisions"}],"wp:featuredmedia":[{"embeddable":true,"href":"https:\/\/www.comertia.net\/es\/wp-json\/wp\/v2\/media\/1618"}],"wp:attachment":[{"href":"https:\/\/www.comertia.net\/es\/wp-json\/wp\/v2\/media?parent=1824"}],"wp:term":[{"taxonomy":"category","embeddable":true,"href":"https:\/\/www.comertia.net\/es\/wp-json\/wp\/v2\/categories?post=1824"},{"taxonomy":"post_tag","embeddable":true,"href":"https:\/\/www.comertia.net\/es\/wp-json\/wp\/v2\/tags?post=1824"}],"curies":[{"name":"wp","href":"https:\/\/api.w.org\/{rel}","templated":true}]}}